[{"@context":"https:\/\/schema.org\/","@type":"Article","@id":"https:\/\/www.betica.cz\/zapomenutelne-legendy-jose-andrade\/#Article","mainEntityOfPage":"https:\/\/www.betica.cz\/zapomenutelne-legendy-jose-andrade\/","headline":"Zapomenuteln\u00e9 legendy Jos\u00e9 Andrade","name":"Zapomenuteln\u00e9 legendy Jos\u00e9 Andrade","description":"&#8211; na p\u0159elomu dvac\u00e1t\u00fdch a t\u0159ic\u00e1t\u00fdch let asi nebylo lep\u0161\u00edho fotbalisty ne\u017e Jos\u00e9 Andrade.\u00a0Byl uruguaysk\u00fdm fotbalistou, kter\u00fd p\u0159edev\u0161\u00edm na reprezenta\u010dn\u00ed \u00farovni slavil se sv\u00fdm t\u00fdmem neb\u00fdval\u00e9 \u00fasp\u011bchy. Fotbal na p\u0159elomu dvac\u00e1t\u00fdch a t\u0159ic\u00e1t\u00fdch let vypadal trochu jinak ne\u017e dnes, a proto je u takov\u00fdch hr\u00e1\u010d\u016f slo\u017eit\u00e9 p\u0159esn\u011b popsat pozici na h\u0159i\u0161ti. Byl st\u0159edn\u00edm z\u00e1lo\u017en\u00edkem, a [&hellip;]","datePublished":"2019-08-27","dateModified":"2023-05-01","author":{"@type":"Person","@id":"https:\/\/www.betica.cz\/author\/#Person","name":"","url":"https:\/\/www.betica.cz\/author\/","identifier":1,"image":{"@type":"ImageObject","@id":"https:\/\/secure.gravatar.com\/avatar\/c4e504508c75b610a351629e223ddd0c5b7858df84b2b7deedc4e007bdf99fc8?s=96&d=mm&r=g","url":"https:\/\/secure.gravatar.com\/avatar\/c4e504508c75b610a351629e223ddd0c5b7858df84b2b7deedc4e007bdf99fc8?s=96&d=mm&r=g","height":96,"width":96}},"publisher":{"@type":"Organization","name":"betica.cz","logo":{"@type":"ImageObject","@id":"\/logo.png","url":"\/logo.png","width":600,"height":60}},"image":{"@type":"ImageObject","@id":"https:\/\/www.betica.cz\/wp-content\/uploads\/img_a352737_w3311_t1567165172.jpg","url":"https:\/\/www.betica.cz\/wp-content\/uploads\/img_a352737_w3311_t1567165172.jpg","height":0,"width":0},"url":"https:\/\/www.betica.cz\/zapomenutelne-legendy-jose-andrade\/","about":["Sport"],"wordCount":460,"articleBody":"&#8211; na p\u0159elomu dvac\u00e1t\u00fdch a t\u0159ic\u00e1t\u00fdch let asi nebylo lep\u0161\u00edho fotbalisty ne\u017e Jos\u00e9 Andrade.\u00a0Byl uruguaysk\u00fdm fotbalistou, kter\u00fd p\u0159edev\u0161\u00edm na reprezenta\u010dn\u00ed \u00farovni slavil se sv\u00fdm t\u00fdmem neb\u00fdval\u00e9 \u00fasp\u011bchy. Fotbal na p\u0159elomu dvac\u00e1t\u00fdch a t\u0159ic\u00e1t\u00fdch let vypadal trochu jinak ne\u017e dnes, a proto je u takov\u00fdch hr\u00e1\u010d\u016f slo\u017eit\u00e9 p\u0159esn\u011b popsat pozici na h\u0159i\u0161ti. Byl st\u0159edn\u00edm z\u00e1lo\u017en\u00edkem, a a\u010dkoliv se nedochovalo velk\u00e9 mno\u017estv\u00ed z\u00e1b\u011br\u016f, pam\u011btn\u00edky b\u00fdv\u00e1 p\u0159irovn\u00e1v\u00e1n k Zinedinu Zidanovi. D\u00edky sv\u00fdm technick\u00fdch fines\u00e1m a oku lahod\u00edc\u00ed h\u0159e si vyslou\u017eil p\u0159ezd\u00edvku &#8222;Black Marvel&#8220;.\u00a0Jak u\u017e to tak u jihoamerick\u00fdch hr\u00e1\u010d\u016f b\u00fdv\u00e1, nepoch\u00e1zel z kdov\u00edjak dobr\u00fdch pom\u011br\u016f. O jeho d\u011btstv\u00ed se toho p\u0159\u00edli\u0161 nev\u00ed, ale narodil se argentinsk\u00e9 matce. P\u016fvod jeho otce tak\u00e9 nen\u00ed p\u0159\u00edli\u0161 dob\u0159e zdokumentovan\u00fd. Na rodn\u00e9m listu se objevilo jm\u00e9no Jos\u00e9 Ignacia Andradeho, kter\u00e9mu v dob\u011b narozen\u00ed Jos\u00e9ho Andrade juniora bylo 98 let. Ten m\u011bl b\u00fdt potomkem africk\u00fdch otrok\u016f, kte\u0159\u00ed utekli z plant\u00e1\u017e\u00ed v Braz\u00edlii. Je\u0161t\u011b jako mal\u00e9 d\u00edt\u011b se v\u0161ak odst\u011bhoval do Montevidea, kde jej vychov\u00e1vala jeho teta.\u00a0I p\u0159es takto divok\u00e9 d\u011btstv\u00ed byl mu\u017eem mnoha talent\u016f. Krom\u011b fotbalu toti\u017e vynikal v hudb\u011b a tanci. Ne\u017e za\u010dal hr\u00e1t fotbal, \u017eivil se tak\u00e9 jako \u010disti\u010d bot nebo prodava\u010d novin. Dokonce se tradovalo, \u017ee se v ml\u00e1d\u00ed \u017eivil jako gigolo.\u00a0Jeho prvn\u00edm ml\u00e1de\u017enick\u00fdm klubem bylo Misiones. Kdy\u017e mu bylo 20 let, p\u0159estoupil do Bella Visty. Tam vydr\u017eel t\u0159i roky a za\u010dal ukazovat, jak nadan\u00fdm fotbalistou je. U\u017e tam si poprv\u00e9 \u0159ekl o pozv\u00e1nku do reprezenta\u010dn\u00edho v\u00fdb\u011bru. Po zm\u00edn\u011bn\u00fdch t\u0159ech letech po velice nadan\u00e9m fotbalistovi s\u00e1hl jeden z nejlep\u0161\u00edch uruguaysk\u00fdch celk\u016f Nacional.\u00a0V Nacionalu se mu da\u0159ilo. S t\u00fdmem b\u011bhem 6 let vyhr\u00e1l 4 tituly. Stal se tak\u00e9 z\u00e1kladn\u00edm stavebn\u00edm kamenem uruguaysk\u00e9 reprezentace, kter\u00e1 v t\u00e9to dob\u011b pat\u0159ila k t\u011bm nejlep\u0161\u00edm na sv\u011bt\u011b. Po 6 letech v Nacionalu se p\u0159esunul o d\u016fm d\u00e1l a na n\u011bkolik sezon zakotvil v dal\u0161\u00edm zn\u00e1m\u00e9m celku, Pe\u0148arolu. S Pe\u0148arolem do sv\u00e9 sb\u00edrky p\u0159idal dal\u0161\u00ed dva ligov\u00e9 tituly. Dal\u0161\u00ed \u010d\u00e1st kari\u00e9ry u\u017e tak \u00fasp\u011b\u0161n\u00e1 nebylo. Postupn\u011b vyst\u0159\u00eddal n\u011bkolik t\u00fdm\u016f, mezi kter\u00e9 pat\u0159ili nap\u0159. Atlanta, Lan\u00fas, Wanderers nebo Argentinost Juniors.                                                                                                                                                                                                                                                                                                                                                                                         4.1\/5 - (8 votes)        "},{"@context":"https:\/\/schema.org\/","@type":"BreadcrumbList","itemListElement":[{"@type":"ListItem","position":1,"name":"Zapomenuteln\u00e9 legendy Jos\u00e9 Andrade","item":"https:\/\/www.betica.cz\/zapomenutelne-legendy-jose-andrade\/#breadcrumbitem"}]}]