[{"@context":"https:\/\/schema.org\/","@type":"Article","@id":"https:\/\/www.betica.cz\/svemu-remeslu-se-venuji-rad\/#Article","mainEntityOfPage":"https:\/\/www.betica.cz\/svemu-remeslu-se-venuji-rad\/","headline":"Sv\u00e9mu \u0159emeslu se v\u011bnuji r\u00e1d","name":"Sv\u00e9mu \u0159emeslu se v\u011bnuji r\u00e1d","description":"Jsem zlatn\u00edk a odjak\u017eiva tvrd\u00edm, \u017ee moje \u0159emeslo vytv\u00e1\u0159\u00ed um\u011bleck\u00e1 d\u00edla. M\u00e1 pr\u00e1ce je m\u00fdm kon\u00ed\u010dkem a to se tak\u00e9 odr\u00e1\u017e\u00ed na kvalit\u011b a dokonalosti zpracov\u00e1n\u00ed. Aby moje pr\u00e1ce odpov\u00eddala pot\u0159eb\u00e1m sou\u010dasn\u00e9 doby, nav\u0161t\u011bvuji r\u016fzn\u00e1 \u0161kolen\u00ed a sleduji nejnov\u011bj\u0161\u00ed trendy. Z\u00e1snubn\u00ed prsteny z na\u0161\u00ed d\u00edlny jsou v\u017edy zlat\u00e9. Prod\u00e1v\u00e1me nejr\u016fzn\u011bj\u0161\u00ed odst\u00edny zlata a jejich barevn\u00e9 [&hellip;]","datePublished":"2024-11-16","dateModified":"2024-11-16","author":{"@type":"Person","@id":"https:\/\/www.betica.cz\/author\/#Person","name":"","url":"https:\/\/www.betica.cz\/author\/","identifier":1,"image":{"@type":"ImageObject","@id":"https:\/\/secure.gravatar.com\/avatar\/c4e504508c75b610a351629e223ddd0c5b7858df84b2b7deedc4e007bdf99fc8?s=96&d=mm&r=g","url":"https:\/\/secure.gravatar.com\/avatar\/c4e504508c75b610a351629e223ddd0c5b7858df84b2b7deedc4e007bdf99fc8?s=96&d=mm&r=g","height":96,"width":96}},"publisher":{"@type":"Organization","name":"betica.cz","logo":{"@type":"ImageObject","@id":"\/logo.png","url":"\/logo.png","width":600,"height":60}},"url":"https:\/\/www.betica.cz\/svemu-remeslu-se-venuji-rad\/","wordCount":168,"articleBody":"Jsem zlatn\u00edk a odjak\u017eiva tvrd\u00edm, \u017ee moje \u0159emeslo vytv\u00e1\u0159\u00ed um\u011bleck\u00e1 d\u00edla. M\u00e1 pr\u00e1ce je m\u00fdm kon\u00ed\u010dkem a to se tak\u00e9 odr\u00e1\u017e\u00ed na kvalit\u011b a dokonalosti zpracov\u00e1n\u00ed. Aby moje pr\u00e1ce odpov\u00eddala pot\u0159eb\u00e1m sou\u010dasn\u00e9 doby, nav\u0161t\u011bvuji r\u016fzn\u00e1 \u0161kolen\u00ed a sleduji nejnov\u011bj\u0161\u00ed trendy. Z\u00e1snubn\u00ed prsteny z na\u0161\u00ed d\u00edlny jsou v\u017edy zlat\u00e9. Prod\u00e1v\u00e1me nejr\u016fzn\u011bj\u0161\u00ed odst\u00edny zlata a jejich barevn\u00e9 kombinace. Tyto krou\u017eky jsou v\u017edy dopln\u011bn\u00e9 jedn\u00edm velk\u00fdm kam\u00ednkem a dozdobeny. Na\u0161e kolekce je velice propracovan\u00e1.Ru\u010dn\u00ed v\u00fdroba za bezkonkuren\u010dn\u00ed cenyTy nejhez\u010d\u00ed \u0161perky, kter\u00e9 pat\u0159\u00ed ke ka\u017ed\u00e9 svatb\u011b, naleznete v na\u0161em internetov\u00e9m obchodu nebo p\u0159\u00edmo na na\u0161\u00ed provozovn\u011b. Na\u0161e modely se vyzna\u010duj\u00ed jedine\u010dn\u00fdm vzhledem. Ka\u017ed\u00fd krou\u017eek je vyroben\u00fd ru\u010dn\u011b s nutn\u00fdm citem pro um\u011bn\u00ed a l\u00e1skou ke zlatnick\u00e9mu \u0159emeslu.                                                                                                                                                                                                                                                                                                                                                                                        4.5\/5 - (2 votes)        "},{"@context":"https:\/\/schema.org\/","@type":"BreadcrumbList","itemListElement":[{"@type":"ListItem","position":1,"name":"Sv\u00e9mu \u0159emeslu se v\u011bnuji r\u00e1d","item":"https:\/\/www.betica.cz\/svemu-remeslu-se-venuji-rad\/#breadcrumbitem"}]}]