[{"@context":"https:\/\/schema.org\/","@type":"Article","@id":"https:\/\/www.betica.cz\/soustredte-se-na-rizeni-vyrazime\/#Article","mainEntityOfPage":"https:\/\/www.betica.cz\/soustredte-se-na-rizeni-vyrazime\/","headline":"Soust\u0159e\u010fte se na \u0159\u00edzen\u00ed, vyr\u00e1\u017e\u00edme!","name":"Soust\u0159e\u010fte se na \u0159\u00edzen\u00ed, vyr\u00e1\u017e\u00edme!","description":"V\u00fduka trv\u00e1 od 6 do 8 t\u00fddn\u016f, tak\u017ee prob\u00edh\u00e1 v pom\u011brn\u011b poklidn\u00e9m tempu. Nejkrat\u0161\u00ed doba, za kterou lze absolvovat na\u0161\u00ed auto\u0161kolu, jsou 3 t\u00fddny od zah\u00e1jen\u00ed kurzu. D\u00e9lka kurzu je p\u0159\u00edmo z\u00e1visl\u00e1 na ka\u017ed\u00e9m \u017e\u00e1ku, jak si napl\u00e1nuje sv\u00e9 j\u00edzdy. Po celou dobu v\u00fduku bude u v\u00e1s v\u00e1\u0161 instruktor, tak\u017ee se nemus\u00edte ni\u010deho b\u00e1t. Auto\u0161kola [&hellip;]","datePublished":"2025-04-30","dateModified":"2025-04-30","author":{"@type":"Person","@id":"https:\/\/www.betica.cz\/author\/#Person","name":"","url":"https:\/\/www.betica.cz\/author\/","identifier":1,"image":{"@type":"ImageObject","@id":"https:\/\/secure.gravatar.com\/avatar\/c4e504508c75b610a351629e223ddd0c5b7858df84b2b7deedc4e007bdf99fc8?s=96&d=mm&r=g","url":"https:\/\/secure.gravatar.com\/avatar\/c4e504508c75b610a351629e223ddd0c5b7858df84b2b7deedc4e007bdf99fc8?s=96&d=mm&r=g","height":96,"width":96}},"publisher":{"@type":"Organization","name":"betica.cz","logo":{"@type":"ImageObject","@id":"\/logo.png","url":"\/logo.png","width":600,"height":60}},"url":"https:\/\/www.betica.cz\/soustredte-se-na-rizeni-vyrazime\/","wordCount":203,"articleBody":"V\u00fduka trv\u00e1 od 6 do 8 t\u00fddn\u016f, tak\u017ee prob\u00edh\u00e1 v pom\u011brn\u011b poklidn\u00e9m tempu. Nejkrat\u0161\u00ed doba, za kterou lze absolvovat na\u0161\u00ed auto\u0161kolu, jsou 3 t\u00fddny od zah\u00e1jen\u00ed kurzu. D\u00e9lka kurzu je p\u0159\u00edmo z\u00e1visl\u00e1 na ka\u017ed\u00e9m \u017e\u00e1ku, jak si napl\u00e1nuje sv\u00e9 j\u00edzdy. Po celou dobu v\u00fduku bude u v\u00e1s v\u00e1\u0161 instruktor, tak\u017ee se nemus\u00edte ni\u010deho b\u00e1t. Auto\u0161kola Brno v\u00e1s v\u0161e nau\u010d\u00ed.Nev\u00e1hejte zaparkovat pr\u00e1v\u011b u n\u00e1sM\u00e1te-li opravdov\u00fd z\u00e1jem o z\u00edsk\u00e1n\u00ed \u0159idi\u010dsk\u00e9ho pr\u016fkazu, p\u0159ij\u010fte k n\u00e1m do auto\u0161koly Slon v Brn\u011b. Jsme jednou z nejmen\u0161\u00edch auto\u0161kol v Brn\u011b, av\u0161ak zam\u011bstn\u00e1v\u00e1me v\u00fdhradn\u011b profesion\u00e1ln\u00ed a zku\u0161en\u00e9 instruktory, kte\u0159\u00ed v\u00e1m budou st\u00e1le na bl\u00edzku. Strach ani obavy z ni\u010deho m\u00edt nemus\u00edte, va\u0161i instrukto\u0159i sami nejl\u00e9pe poznaj\u00ed, co pot\u0159ebujete se je\u0161t\u011b nau\u010dit. Auto\u0161kola Praha je tu i pro v\u00e1s.Instrukto\u0159iAuto\u0161kola Brno nab\u00edz\u00ed sv\u00fdm \u017e\u00e1k\u016fm kurzy pod dohledem kvalitn\u00edch a profesion\u00e1ln\u00edch instruktor\u016f.                                                                                                                                                                                                                                                                                                                                                                                                "},{"@context":"https:\/\/schema.org\/","@type":"BreadcrumbList","itemListElement":[{"@type":"ListItem","position":1,"name":"Soust\u0159e\u010fte se na \u0159\u00edzen\u00ed, vyr\u00e1\u017e\u00edme!","item":"https:\/\/www.betica.cz\/soustredte-se-na-rizeni-vyrazime\/#breadcrumbitem"}]}]