[{"@context":"https:\/\/schema.org\/","@type":"Article","@id":"https:\/\/www.betica.cz\/pro-vasi-dcerku-prvni-sperk\/#Article","mainEntityOfPage":"https:\/\/www.betica.cz\/pro-vasi-dcerku-prvni-sperk\/","headline":"Pro va\u0161i dcerku prvn\u00ed \u0161perk!","name":"Pro va\u0161i dcerku prvn\u00ed \u0161perk!","description":"Sv\u011bdomit\u00ed rodi\u010dov\u00e9 vyb\u00edraj\u00ed ji\u017e v \u00fatl\u00e9m kojeneck\u00e9m v\u011bku n\u00e1u\u0161nice pro miminka! Jak dlouho ot\u00e1l\u00edte, tak pak u\u017e nech\u00e1te \u010das b\u011b\u017eet a mo\u017en\u00e1 se k nast\u0159elen\u00ed nebo prop\u00edchnut\u00ed ani nedostanete, nebo u\u017e m\u00e1te strach, \u017ee va\u0161e dcerka si siln\u011b bude uv\u011bdomovat silnou bol\u00edstku. Ta p\u0159edstava je tak odporn\u00e1, \u017ee ji nedok\u00e1\u017eete p\u0159ekonat. No jo, ale pak [&hellip;]","datePublished":"2024-11-25","dateModified":"2024-11-25","author":{"@type":"Person","@id":"https:\/\/www.betica.cz\/author\/#Person","name":"","url":"https:\/\/www.betica.cz\/author\/","identifier":1,"image":{"@type":"ImageObject","@id":"https:\/\/secure.gravatar.com\/avatar\/c4e504508c75b610a351629e223ddd0c5b7858df84b2b7deedc4e007bdf99fc8?s=96&d=mm&r=g","url":"https:\/\/secure.gravatar.com\/avatar\/c4e504508c75b610a351629e223ddd0c5b7858df84b2b7deedc4e007bdf99fc8?s=96&d=mm&r=g","height":96,"width":96}},"publisher":{"@type":"Organization","name":"betica.cz","logo":{"@type":"ImageObject","@id":"\/logo.png","url":"\/logo.png","width":600,"height":60}},"url":"https:\/\/www.betica.cz\/pro-vasi-dcerku-prvni-sperk\/","wordCount":175,"articleBody":"Sv\u011bdomit\u00ed rodi\u010dov\u00e9 vyb\u00edraj\u00ed ji\u017e v \u00fatl\u00e9m kojeneck\u00e9m v\u011bku n\u00e1u\u0161nice pro miminka! Jak dlouho ot\u00e1l\u00edte, tak pak u\u017e nech\u00e1te \u010das b\u011b\u017eet a mo\u017en\u00e1 se k nast\u0159elen\u00ed nebo prop\u00edchnut\u00ed ani nedostanete, nebo u\u017e m\u00e1te strach, \u017ee va\u0161e dcerka si siln\u011b bude uv\u011bdomovat silnou bol\u00edstku. Ta p\u0159edstava je tak odporn\u00e1, \u017ee ji nedok\u00e1\u017eete p\u0159ekonat. No jo, ale pak je tu puberta a v\u00fd\u010ditky se na va\u0161i hlavu jen pohrnou! P\u0159edjd\u011bte t\u011bmto nemil\u00fdm v\u00fd\u010ditk\u00e1m! Vyberte pro va\u0161i dceru\u0161ku prvn\u00ed n\u011b\u017en\u00fd \u0161perk! Bude je\u0161t\u011b rozko\u0161n\u011bj\u0161\u00ed a princeznovit\u011bj\u0161\u00ed!Hezk\u00e9 vzorky a rytinyV na\u0161\u00ed internetov\u00e9 nab\u00eddce si vyberete skute\u010dn\u011b hezk\u00e9 vzorky a rytiny, nad kter\u00fdmi v\u00e1s budou o\u010di jen p\u0159ech\u00e1zet! N\u00e1u\u0161nice pro miminka &#8211; to je mil\u00fd \u0161perk do kol\u00e9bky t\u0159eba ku p\u0159\u00edle\u017eitosti k\u0159tin nebo prvn\u00edch V\u00e1noc!                                                                                                                                                                                                                                                                                                                                                                                        4.5\/5 - (2 votes)        "},{"@context":"https:\/\/schema.org\/","@type":"BreadcrumbList","itemListElement":[{"@type":"ListItem","position":1,"name":"Pro va\u0161i dcerku prvn\u00ed \u0161perk!","item":"https:\/\/www.betica.cz\/pro-vasi-dcerku-prvni-sperk\/#breadcrumbitem"}]}]