[{"@context":"https:\/\/schema.org\/","@type":"Article","@id":"https:\/\/www.betica.cz\/prijemne-a-dobrodruzne-jarni-prazdniny-pro-vas-i-pro-vase-deti\/#Article","mainEntityOfPage":"https:\/\/www.betica.cz\/prijemne-a-dobrodruzne-jarni-prazdniny-pro-vas-i-pro-vase-deti\/","headline":"P\u0159\u00edjemn\u00e9 a dobrodru\u017en\u00e9 jarn\u00ed pr\u00e1zdniny pro V\u00e1s i pro Va\u0161e d\u011bti!","name":"P\u0159\u00edjemn\u00e9 a dobrodru\u017en\u00e9 jarn\u00ed pr\u00e1zdniny pro V\u00e1s i pro Va\u0161e d\u011bti!","description":"P\u0159em\u00fd\u0161l\u00edte nad t\u00edm, kam vezmete Va\u0161e \u0161kol\u00e1ky na jarn\u00ed pr\u00e1zdniny p\u0159\u00ed\u0161t\u00ed rok a cht\u011bli byste pro n\u011b vymyslet takov\u00e9 m\u00edsto, kde by si u\u017eily spoustu z\u00e1bavy a dobrodru\u017estv\u00ed, ale kde byste si p\u0159i\u0161li i Vy na sv\u00e9 s Va\u0161\u00ed drahou polovi\u010dkou? P\u0159ije\u010fte do Vratn\u00e9 na Slovensko, kde m\u00e1te tolik mo\u017enost\u00ed, jak tr\u00e1vit voln\u00fd \u010das na [&hellip;]","datePublished":"2024-10-17","dateModified":"2024-10-17","author":{"@type":"Person","@id":"https:\/\/www.betica.cz\/author\/#Person","name":"","url":"https:\/\/www.betica.cz\/author\/","identifier":1,"image":{"@type":"ImageObject","@id":"https:\/\/secure.gravatar.com\/avatar\/c4e504508c75b610a351629e223ddd0c5b7858df84b2b7deedc4e007bdf99fc8?s=96&d=mm&r=g","url":"https:\/\/secure.gravatar.com\/avatar\/c4e504508c75b610a351629e223ddd0c5b7858df84b2b7deedc4e007bdf99fc8?s=96&d=mm&r=g","height":96,"width":96}},"publisher":{"@type":"Organization","name":"betica.cz","logo":{"@type":"ImageObject","@id":"\/logo.png","url":"\/logo.png","width":600,"height":60}},"url":"https:\/\/www.betica.cz\/prijemne-a-dobrodruzne-jarni-prazdniny-pro-vas-i-pro-vase-deti\/","wordCount":227,"articleBody":"P\u0159em\u00fd\u0161l\u00edte nad t\u00edm, kam vezmete Va\u0161e \u0161kol\u00e1ky na jarn\u00ed pr\u00e1zdniny p\u0159\u00ed\u0161t\u00ed rok a cht\u011bli byste pro n\u011b vymyslet takov\u00e9 m\u00edsto, kde by si u\u017eily spoustu z\u00e1bavy a dobrodru\u017estv\u00ed, ale kde byste si p\u0159i\u0161li i Vy na sv\u00e9 s Va\u0161\u00ed drahou polovi\u010dkou? P\u0159ije\u010fte do Vratn\u00e9 na Slovensko, kde m\u00e1te tolik mo\u017enost\u00ed, jak tr\u00e1vit voln\u00fd \u010das na dovolen\u00e9 \u2013 a\u0165 u\u017e s\u00e1\u0148kov\u00e1n\u00edm, ly\u017eov\u00e1n\u00edm nebo u\u017e\u00edv\u00e1n\u00edm si bezstarostn\u00fdch chvil v takov\u00e9 saun\u011b nebo p\u0159\u00edjemn\u00e9 v\u00ed\u0159ivce.M\u00e1me pro V\u00e1s tip na m\u00edsto pro Va\u0161\u00ed jarn\u00ed dovolenou s d\u011btmi!Objednejte si chatu na jarn\u00ed pr\u00e1zdniny v roce 2014 na Slovensku ve Vratn\u00e9 a rozhodn\u011b nebudete litovat. Nav\u00edc v sou\u010dasn\u00e9 dob\u011b nab\u00edzej\u00ed takov\u00e9 slevy na jarn\u00ed pobyty, \u017ee se V\u00e1m proto\u010d\u00ed panenky a ur\u010dit\u011b vyu\u017eijete t\u00e9to l\u00e1kav\u00e9 nab\u00eddky. Objednejte si V\u00e1\u0161 jarn\u00ed pobyt s d\u011btmi na webov\u00fdch str\u00e1nk\u00e1ch chatauhorcik.cz, kde najdete i tabulku s cenov\u00fdmi relacemi za jednotliv\u00e9 pobyty a s bohatou fotogaleri\u00ed, kde si m\u016f\u017eete prohl\u00e9dnout z\u00e1zem\u00ed tohoto m\u00edsta a ur\u010dit\u011b neodol\u00e1te. P\u0159ije\u010fte si na Slovensko u\u017e\u00edt jarn\u00ed pr\u00e1zdniny!                                                                                                                                                                                                                                                                                                                                                                                        3.7\/5 - (4 votes)        "},{"@context":"https:\/\/schema.org\/","@type":"BreadcrumbList","itemListElement":[{"@type":"ListItem","position":1,"name":"P\u0159\u00edjemn\u00e9 a dobrodru\u017en\u00e9 jarn\u00ed pr\u00e1zdniny pro V\u00e1s i pro Va\u0161e d\u011bti!","item":"https:\/\/www.betica.cz\/prijemne-a-dobrodruzne-jarni-prazdniny-pro-vas-i-pro-vase-deti\/#breadcrumbitem"}]}]