[{"@context":"https:\/\/schema.org\/","@type":"Article","@id":"https:\/\/www.betica.cz\/je-vam-venku-zima\/#Article","mainEntityOfPage":"https:\/\/www.betica.cz\/je-vam-venku-zima\/","headline":"Je v\u00e1m venku zima?","name":"Je v\u00e1m venku zima?","description":"R\u00e1di sed\u00edte na terase, \u010di v alt\u00e1nku? Cht\u011bli byste tam tr\u00e1vit chv\u00edle za ka\u017ed\u00e9ho po\u010das\u00ed? Vyhnout se tomu, \u017ee kdy\u017e bude venku pr\u0161et, budete muset zru\u0161it grilovac\u00ed p\u00e1rty? Nechte v\u0161e na zahradn\u00edm krbu. D\u00edky n\u011bmu budete moct grilovat za ka\u017ed\u00e9ho po\u010das\u00ed a d\u00edky p\u0159\u00edjemn\u00e9mu ohni si vychutnat posezen\u00ed venku i v zim\u011b. Nebudete muset obvol\u00e1vat [&hellip;]","datePublished":"2023-07-19","dateModified":"2023-07-19","author":{"@type":"Person","@id":"https:\/\/www.betica.cz\/author\/#Person","name":"","url":"https:\/\/www.betica.cz\/author\/","identifier":1,"image":{"@type":"ImageObject","@id":"https:\/\/secure.gravatar.com\/avatar\/c4e504508c75b610a351629e223ddd0c5b7858df84b2b7deedc4e007bdf99fc8?s=96&d=mm&r=g","url":"https:\/\/secure.gravatar.com\/avatar\/c4e504508c75b610a351629e223ddd0c5b7858df84b2b7deedc4e007bdf99fc8?s=96&d=mm&r=g","height":96,"width":96}},"publisher":{"@type":"Organization","name":"betica.cz","logo":{"@type":"ImageObject","@id":"\/logo.png","url":"\/logo.png","width":600,"height":60}},"url":"https:\/\/www.betica.cz\/je-vam-venku-zima\/","wordCount":252,"articleBody":"R\u00e1di sed\u00edte na terase, \u010di v alt\u00e1nku? Cht\u011bli byste tam tr\u00e1vit chv\u00edle za ka\u017ed\u00e9ho po\u010das\u00ed? Vyhnout se tomu, \u017ee kdy\u017e bude venku pr\u0161et, budete muset zru\u0161it grilovac\u00ed p\u00e1rty? Nechte v\u0161e na zahradn\u00edm krbu. D\u00edky n\u011bmu budete moct grilovat za ka\u017ed\u00e9ho po\u010das\u00ed a d\u00edky p\u0159\u00edjemn\u00e9mu ohni si vychutnat posezen\u00ed venku i v zim\u011b. Nebudete muset obvol\u00e1vat p\u0159\u00e1tele, aby nechodili, proto\u017ee se po\u010das\u00ed venku na setk\u00e1n\u00ed nehod\u00ed. Po zatopen\u00ed bude nejen teplo, ale upe\u010dou se i chutn\u00e9 dobroty od grilovan\u00fdch, a\u017e po uzen\u00e9. Nakonec si m\u016f\u017eete dop\u0159\u00e1t i pe\u010den\u00ed na ro\u0161tu, kter\u00fd je sou\u010d\u00e1st\u00ed.Tolik v\u00fdhod najednouTe\u010f u\u017e v\u00edte, \u017ee d\u00edky zahradn\u00edmu krbu v\u00e1m bude venku nejen teplo, ale je\u0161t\u011b si budete m\u00edt mo\u017enost p\u0159ipravit n\u011bco dobr\u00e9ho pod zub. Zat\u00edm, co venku bude sychrav\u00e9 po\u010das\u00ed, v\u00e1m p\u0159ek\u00e1\u017eet nebude, proto\u017ee si m\u016f\u017eete posed\u011bt v alt\u00e1nku, \u010di na terase a p\u0159i tepl\u00e9m ohni. Nav\u00edc p\u016fsob\u00ed velice esteticky a dopln\u00ed ka\u017ed\u00fd venkovn\u00ed prostor zaj\u00edmav\u00fdm zp\u016fsobem. Jedna z v\u011bc\u00ed, kter\u00e1 nem\u016f\u017ee ji\u017e v \u017e\u00e1dn\u00e9 dom\u00e1cnosti chyb\u011bt. A pokud chyb\u00ed, je na \u010dase odstranit star\u00fd gril a po\u0159\u00eddit si tuto multifunk\u010dn\u00ed v\u00fdhodu se v\u0161\u00edm v\u0161udy.                                                                                                                                                                                                                                                                                                                                                                                        3.9\/5 - (15 votes)        "},{"@context":"https:\/\/schema.org\/","@type":"BreadcrumbList","itemListElement":[{"@type":"ListItem","position":1,"name":"Je v\u00e1m venku zima?","item":"https:\/\/www.betica.cz\/je-vam-venku-zima\/#breadcrumbitem"}]}]